{"id":6129,"date":"2018-08-05T08:07:09","date_gmt":"2018-08-05T07:07:09","guid":{"rendered":"http:\/\/un-film-un-jour.com\/?p=6129"},"modified":"2019-10-12T09:04:58","modified_gmt":"2019-10-12T08:04:58","slug":"filles-du-feu","status":"publish","type":"post","link":"https:\/\/un-film-un-jour.com\/index.php\/2018\/08\/05\/filles-du-feu\/","title":{"rendered":"Filles du feu \u2605\u2606\u2606\u2606"},"content":{"rendered":"<p><img loading=\"lazy\" decoding=\"async\" class=\"alignleft size-medium\" src=\"http:\/\/fr.web.img6.acsta.net\/r_1920_1080\/pictures\/18\/04\/30\/09\/33\/3934685.jpg\" width=\"317\" height=\"430\" \/>L&rsquo;ethnologue St\u00e9phane Breton a rencontr\u00e9 les combattantes kurdes avant qu&rsquo;elles deviennent les symboles de la r\u00e9sistance \u00e0 Daech. Il les a film\u00e9es au quotidien, marchant \u00e0 travers une ville en ruines, bivouaquant sur un point haut, pr\u00e9parant une offensive.<\/p>\n<p>Le documentaire de St\u00e9phane Breton est d\u00e9routant. On ne mettra pas en cause son authenticit\u00e9 l\u00e0 m\u00eame o\u00f9 celle de <a href=\"https:\/\/un-film-un-jour.com\/index.php\/2016\/06\/09\/peshmerga\/\"><em>Peshmerga<\/em><\/a>, le documentaire r\u00e9alis\u00e9 en 2016 par Bernard-Henri L\u00e9vy, pouvait l&rsquo;\u00eatre du fait de l&rsquo;identit\u00e9 de son auteur et de sa r\u00e9putation pol\u00e9mique. Mais on lui adressera d&rsquo;autres reproches.<\/p>\n<p>St\u00e9phane Breton se refuse \u00e0 nous expliquer le conflit qui oppose, au nord de la Syrie, les forces kurdes \u00e0 celles de l&rsquo;\u00c9tat islamique. Sans voix off, sans carton explicatif, son documentaire se contente de nous immerger dans le quotidien de ses combattantes. Un quotidien qui n&rsquo;a rien d&rsquo;h\u00e9ro\u00efque ou de belliqueux : on y fait la guerre sans passion et sans peur, comme s&rsquo;il s&rsquo;agissait d&rsquo;un acte normal. Un quotidien o\u00f9 les diff\u00e9rences de sexe ne comptent pas, o\u00f9 les relations \u00e9tonnamment apais\u00e9es entre combattants et combattantes sont d\u00e9pourvues de toute tension amoureuse ou \u00e9rotique.<\/p>\n<p>Le proc\u00e9d\u00e9 a deux inconv\u00e9nients majeurs. Le premier est d&rsquo;\u00eatre terriblement ennuyeux. Suivre, en cam\u00e9ra subjective, deux combattantes qui marchent \u00e0 travers une ville en ruines et n&rsquo;y rencontrent personne sinon des chiens errants, n&rsquo;est pas tr\u00e8s int\u00e9ressant. Ce l&rsquo;est encore moins si le plan s\u00e9quence s&rsquo;\u00e9tire interminablement pendant une dizaine de minutes. Et le documentaire a beau \u00eatre d&rsquo;une remarquable bri\u00e8vet\u00e9 (quatre-vingts minutes seulement), les cinq ou six sc\u00e8nes qu&rsquo;on voit sont, prises isol\u00e9ment, d&rsquo;une lenteur d\u00e9sesp\u00e9rante.<\/p>\n<p>Le second est qu&rsquo;il nous laisse avec beaucoup de questions sans r\u00e9ponse. On aurait aim\u00e9 savoir d&rsquo;o\u00f9 viennent ces femmes dont le treillis emp\u00eache de deviner l&rsquo;\u00e2ge. Ont-elles \u00e9t\u00e9 requises de force ou se sont-elles enr\u00f4l\u00e9es volontairement ? Quelle famille ont-elles quitt\u00e9e ? quel fianc\u00e9 ? quel mari ? Comment sont-elles int\u00e9gr\u00e9es aux forces arm\u00e9es ? Font-elles l&rsquo;objet de discriminations ? de harc\u00e8lement ? Exercent-elles les m\u00eames fonctions que celles d\u00e9volues \u00e0 leurs fr\u00e8res d&rsquo;armes ?<\/p>\n<p>L&rsquo;\u00e9motion na\u00eet \u00e0 la toute derni\u00e8re seconde. O\u00f9 l&rsquo;on apprend par un ultime carton que la commandante que l&rsquo;on vient de voir organiser, avec patience et autorit\u00e9, le plan de bataille de ses troupes, a trouv\u00e9 la mort. Trop tard.<\/p>\n<p><a href=\"http:\/\/www.allocine.fr\/video\/player_gen_cmedia=19578209&amp;cfilm=264436.html\">La bande-annonce<\/a><\/p>\n","protected":false},"excerpt":{"rendered":"<p>L&rsquo;ethnologue St\u00e9phane Breton a rencontr\u00e9 les combattantes kurdes avant qu&rsquo;elles deviennent les symboles de la r\u00e9sistance \u00e0 Daech. Il les a film\u00e9es au quotidien, marchant \u00e0 travers une ville en ruines, bivouaquant sur un point haut, pr\u00e9parant une offensive. Le documentaire de St\u00e9phane Breton est d\u00e9routant. On ne mettra pas en cause son authenticit\u00e9 l\u00e0 [&hellip;]<\/p>\n","protected":false},"author":1,"featured_media":0,"comment_status":"open","ping_status":"open","sticky":false,"template":"","format":"standard","meta":{"footnotes":""},"categories":[34,40],"tags":[],"class_list":["post-6129","post","type-post","status-publish","format-standard","hentry","category-films-sortis-en-2018","category-films-sortis-en-juin-2018"],"_links":{"self":[{"href":"https:\/\/un-film-un-jour.com\/index.php\/wp-json\/wp\/v2\/posts\/6129","targetHints":{"allow":["GET"]}}],"collection":[{"href":"https:\/\/un-film-un-jour.com\/index.php\/wp-json\/wp\/v2\/posts"}],"about":[{"href":"https:\/\/un-film-un-jour.com\/index.php\/wp-json\/wp\/v2\/types\/post"}],"author":[{"embeddable":true,"href":"https:\/\/un-film-un-jour.com\/index.php\/wp-json\/wp\/v2\/users\/1"}],"replies":[{"embeddable":true,"href":"https:\/\/un-film-un-jour.com\/index.php\/wp-json\/wp\/v2\/comments?post=6129"}],"version-history":[{"count":5,"href":"https:\/\/un-film-un-jour.com\/index.php\/wp-json\/wp\/v2\/posts\/6129\/revisions"}],"predecessor-version":[{"id":10323,"href":"https:\/\/un-film-un-jour.com\/index.php\/wp-json\/wp\/v2\/posts\/6129\/revisions\/10323"}],"wp:attachment":[{"href":"https:\/\/un-film-un-jour.com\/index.php\/wp-json\/wp\/v2\/media?parent=6129"}],"wp:term":[{"taxonomy":"category","embeddable":true,"href":"https:\/\/un-film-un-jour.com\/index.php\/wp-json\/wp\/v2\/categories?post=6129"},{"taxonomy":"post_tag","embeddable":true,"href":"https:\/\/un-film-un-jour.com\/index.php\/wp-json\/wp\/v2\/tags?post=6129"}],"curies":[{"name":"wp","href":"https:\/\/api.w.org\/{rel}","templated":true}]}}