{"id":6660,"date":"2018-10-27T07:57:12","date_gmt":"2018-10-27T06:57:12","guid":{"rendered":"http:\/\/un-film-un-jour.com\/?p=6660"},"modified":"2018-10-27T08:08:35","modified_gmt":"2018-10-27T07:08:35","slug":"nos-batailles","status":"publish","type":"post","link":"https:\/\/un-film-un-jour.com\/index.php\/2018\/10\/27\/nos-batailles\/","title":{"rendered":"Nos batailles \u2605\u2605\u2605\u2606"},"content":{"rendered":"<p><img loading=\"lazy\" decoding=\"async\" class=\"alignleft size-medium\" src=\"http:\/\/fr.web.img4.acsta.net\/r_1920_1080\/pictures\/18\/09\/05\/14\/38\/1242075.jpg\" width=\"317\" height=\"430\" \/>Olivier (Romain Duris) a la vie d&rsquo;un Fran\u00e7ais qui se l\u00e8ve t\u00f4t. Il travaille dans un grand groupe de vente \u00e0 distance et y montre, en qualit\u00e9 de repr\u00e9sentant syndical, un engagement sans faille pour d\u00e9fendre les int\u00e9r\u00eats de ses camarades. Sa vie de famille, aupr\u00e8s de Laura et de leurs deux enfants, Eliott et Rose, semble sans nuage.<br \/>\nMais tout s&rsquo;effondre lorsque Laura quitte, sans une explication, le domicile conjugal.<\/p>\n<p>Quand Olivier Adam et St\u00e9phane Briz\u00e9 se rencontrent.<br \/>\nOn se souvient de <em>Nos vents contraires<\/em>, le livre d&rsquo;Olivier Adam, adapt\u00e9 au cin\u00e9ma en 2011 avec Beno\u00eet Magimel dans le r\u00f4le principal : l&rsquo;histoire d&rsquo;un p\u00e8re et de ses deux jeunes enfants, bris\u00e9 par le d\u00e9part de sa femme.<br \/>\nOn se souvient \u00e9galement du dernier film de St\u00e9phane Briz\u00e9, <a href=\"https:\/\/un-film-un-jour.com\/index.php\/2018\/05\/21\/en-guerre\/\"><em>En guerre<\/em><\/a>, o\u00f9 Vincent Lindon jouait le r\u00f4le d&rsquo;un syndicaliste pr\u00eat \u00e0 tout pour sauver l&#8217;emploi de ses camarades menac\u00e9 par le d\u00e9p\u00f4t de bilan de la PME qui les emploie.<\/p>\n<p>Guillaume Senez, d\u00e9j\u00e0 remarqu\u00e9 en 2016 pour son premier film, l&rsquo;excellent <a href=\"https:\/\/un-film-un-jour.com\/index.php\/2016\/03\/24\/keeper\/\"><em>Keeper<\/em><\/a>, traite avec une grande justesse un sujet qui aurait pu \u00eatre casse-gueule et tire-larmes. Comme <em>Gone Girl <\/em>ou <em>Je vais bien ne t&rsquo;en fais pas<\/em>, son film est construit autour d&rsquo;un myst\u00e8re : pourquoi Laura est-elle partie ? On attend une r\u00e9v\u00e9lation coup de th\u00e9\u00e2tre : elle a voulu \u00e9pargner \u00e0 ses proches sa mort annonc\u00e9e d&rsquo;un cancer foudroyant ou bien elle a \u00e9t\u00e9 kidnapp\u00e9e par un <em>serial killer<\/em>. Je vous laisse d\u00e9couvrir la r\u00e9ponse \u00e0 cette \u00e9nigme.<\/p>\n<p>Mais l&rsquo;essentiel est ailleurs. Le film n&rsquo;a pas Laura pour personnage principal mais bien Olivier. De chaque plan, c&rsquo;est lui qu&rsquo;on suit passant de l&rsquo;incompr\u00e9hension \u00e0 la rage puis \u00e0 l&rsquo;accablement. C&rsquo;est sur lui que repose d\u00e9sormais l&rsquo;\u00e9ducation de ses deux jeunes enfants dont il avait eu tendance \u00e0 reporter la responsabilit\u00e9 sur sa femme.<\/p>\n<p>Dans un r\u00f4le o\u00f9 on ne l&rsquo;attendait pas, l&rsquo;excellent Romain Duris a la col\u00e8re rentr\u00e9e du personnage de Vincent Lindon et le c\u0153ur bris\u00e9 de celui d&rsquo;Olivier Adam. Aussi excellente que soit sa composition, c&rsquo;est celles de Laure Calamy et de Laetitia Dosch que je veux saluer. Dans le r\u00f4le de la camarade de lutte et de c\u0153ur, la premi\u00e8re, souvent vue (notamment dans le r\u00e9cent <a href=\"https:\/\/un-film-un-jour.com\/index.php\/2018\/09\/12\/mademoiselle-de-joncquieres\/\"><em>Mademoiselle de Joncqui\u00e8res<\/em><\/a>) est parfaite. Dans celui de la petite s\u0153ur appel\u00e9e \u00e0 la rescousse par son grand fr\u00e8re pour s&rsquo;occuper de ses enfants, la rousse seconde confirme les espoirs plac\u00e9s en elle depuis <a href=\"https:\/\/un-film-un-jour.com\/index.php\/2017\/11\/12\/jeune-femme\/\"><em>Jeune femme<\/em><\/a>.<\/p>\n<p><a href=\"http:\/\/www.allocine.fr\/video\/player_gen_cmedia=19579734&amp;cfilm=245899.html\">La bande-annonce<\/a><\/p>\n","protected":false},"excerpt":{"rendered":"<p>Olivier (Romain Duris) a la vie d&rsquo;un Fran\u00e7ais qui se l\u00e8ve t\u00f4t. Il travaille dans un grand groupe de vente \u00e0 distance et y montre, en qualit\u00e9 de repr\u00e9sentant syndical, un engagement sans faille pour d\u00e9fendre les int\u00e9r\u00eats de ses camarades. Sa vie de famille, aupr\u00e8s de Laura et de leurs deux enfants, Eliott et [&hellip;]<\/p>\n","protected":false},"author":1,"featured_media":0,"comment_status":"open","ping_status":"open","sticky":false,"template":"","format":"standard","meta":{"footnotes":""},"categories":[34,42],"tags":[],"class_list":["post-6660","post","type-post","status-publish","format-standard","hentry","category-films-sortis-en-2018","category-films-sortis-en-octobre-2018"],"_links":{"self":[{"href":"https:\/\/un-film-un-jour.com\/index.php\/wp-json\/wp\/v2\/posts\/6660","targetHints":{"allow":["GET"]}}],"collection":[{"href":"https:\/\/un-film-un-jour.com\/index.php\/wp-json\/wp\/v2\/posts"}],"about":[{"href":"https:\/\/un-film-un-jour.com\/index.php\/wp-json\/wp\/v2\/types\/post"}],"author":[{"embeddable":true,"href":"https:\/\/un-film-un-jour.com\/index.php\/wp-json\/wp\/v2\/users\/1"}],"replies":[{"embeddable":true,"href":"https:\/\/un-film-un-jour.com\/index.php\/wp-json\/wp\/v2\/comments?post=6660"}],"version-history":[{"count":12,"href":"https:\/\/un-film-un-jour.com\/index.php\/wp-json\/wp\/v2\/posts\/6660\/revisions"}],"predecessor-version":[{"id":6756,"href":"https:\/\/un-film-un-jour.com\/index.php\/wp-json\/wp\/v2\/posts\/6660\/revisions\/6756"}],"wp:attachment":[{"href":"https:\/\/un-film-un-jour.com\/index.php\/wp-json\/wp\/v2\/media?parent=6660"}],"wp:term":[{"taxonomy":"category","embeddable":true,"href":"https:\/\/un-film-un-jour.com\/index.php\/wp-json\/wp\/v2\/categories?post=6660"},{"taxonomy":"post_tag","embeddable":true,"href":"https:\/\/un-film-un-jour.com\/index.php\/wp-json\/wp\/v2\/tags?post=6660"}],"curies":[{"name":"wp","href":"https:\/\/api.w.org\/{rel}","templated":true}]}}