{"id":7330,"date":"2019-05-05T07:18:13","date_gmt":"2019-05-05T06:18:13","guid":{"rendered":"http:\/\/un-film-un-jour.com\/?p=7330"},"modified":"2019-05-07T05:40:33","modified_gmt":"2019-05-07T04:40:33","slug":"sunset","status":"publish","type":"post","link":"https:\/\/un-film-un-jour.com\/index.php\/2019\/05\/05\/sunset\/","title":{"rendered":"Sunset \u2606\u2606\u2606\u2606"},"content":{"rendered":"<p><img loading=\"lazy\" decoding=\"async\" class=\"alignleft size-medium\" src=\"http:\/\/fr.web.img2.acsta.net\/r_1920_1080\/pictures\/19\/02\/14\/16\/11\/4004114.jpg\" width=\"317\" height=\"430\" \/>En 1913 \u00e0 Budapest, Irisz Leiter est \u00e0 la recherche de ses origines. Ses parents sont morts dans l&rsquo;incendie de leur chapellerie qui, depuis lors, est dirig\u00e9e par un capitaine d&rsquo;industrie cynique et sans scrupule, Oszk\u00e1r Brill.<br \/>\nLa jeune Irisz r\u00e9clame sinon sa part d&rsquo;h\u00e9ritage, du moins un emploi que M. Brill lui refuse. La raison de son refus se r\u00e9v\u00e8le \u00e0 Irisz progressivement : un vif d\u00e9saccord a oppos\u00e9 le fr\u00e8re d&rsquo;Irisz, K\u00e1lm\u00e1n, au repreneur de l&rsquo;affaire de ses parents. K\u00e1lm\u00e1n a disparu, prenant la t\u00eate d&rsquo;une bande de jeunes r\u00e9volutionnaires. Irisz part \u00e0 sa recherche.<\/p>\n<p>On se souvient du pr\u00e9c\u00e9dent film de L\u00e1szl\u00f3 Nemes et du choc qu&rsquo;il avait caus\u00e9 \u00e0 Cannes en 2015. <a href=\"https:\/\/un-film-un-jour.com\/index.php\/2016\/07\/22\/le-fils-de-saul\/\"><em>Le Fils de Saul<\/em><\/a> qui filmait de l&rsquo;int\u00e9rieur, \u00e0 travers les yeux d&rsquo;un membre d&rsquo;un <em>Sonderkommando<\/em>, l&rsquo;horreur d&rsquo;Auschwitz. <em>Le Fils de Saul<\/em> reposait sur un mode op\u00e9ratoire tr\u00e8s particulier : des longs plans s\u00e9quences au plus pr\u00e8s de son personnage, une cam\u00e9ra myope, sans focale, incapable de distinguer une image nette \u00e0 plus d&rsquo;un m\u00e8tre, une bande son satur\u00e9e de bruit et de cris.<\/p>\n<p><em>Sunset<\/em> reproduit exactement le m\u00eame proc\u00e9d\u00e9. Comme dans <em>Le Fils de Saul<\/em>, la cam\u00e9ra ne quitte pas Irisz. Comme dans <em>Le Fils de Saul<\/em>, les plans-s\u00e9quences d&rsquo;une incroyable virtuosit\u00e9 se succ\u00e8dent, certains d\u00e9passant la dizaine de minutes. Comme dans <em>Le Fils de Saul<\/em>, on voit le monde \u00e0 travers les yeux myopes d&rsquo;Irisz : un grand flou et beaucoup de bruit.<\/p>\n<p>Autant ce proc\u00e9d\u00e9 \u00e9tait pertinent pour Auschwitz, autant il ne l&rsquo;est gu\u00e8re pour filmer la fin d&rsquo;une \u00e9poque, ce flamboyant cr\u00e9puscule de l&#8217;empire austro-hongrois qui allait s&rsquo;\u00e9crouler un an plus tard dans les tranch\u00e9es de la Premi\u00e8re guerre mondiale.<\/p>\n<p>Car, une fois qu&rsquo;on aura compris que \u00ab\u00a0tout est chaos\u00a0\u00bb (ainsi que l&rsquo;avait chant\u00e9 une Myl\u00e8ne Farmer d\u00e9senchant\u00e9e), les cent-soixante deux minutes du film sont bien longues. Elles le sont d&rsquo;autant plus que L\u00e1szl\u00f3 Nemes ne nous facilite pas la t\u00e2che en nous entra\u00eenant dans une histoire rocambolesque et touffue dont on a t\u00f4t fait de d\u00e9crocher. On est vite perdus, comme on l&rsquo;est par exemple \u00e0 la lecture des romans de Thomas Pynchon ou de Don DeLillo. Pour certains c&rsquo;est le signe d&rsquo;un g\u00e9nie ; pour d&rsquo;autres d&rsquo;une fumisterie.<\/p>\n<p><a href=\"http:\/\/www.allocine.fr\/video\/player_gen_cmedia=19581477&amp;cfilm=246726.html\">La bande-annonce<\/a><\/p>\n","protected":false},"excerpt":{"rendered":"<p>En 1913 \u00e0 Budapest, Irisz Leiter est \u00e0 la recherche de ses origines. Ses parents sont morts dans l&rsquo;incendie de leur chapellerie qui, depuis lors, est dirig\u00e9e par un capitaine d&rsquo;industrie cynique et sans scrupule, Oszk\u00e1r Brill. La jeune Irisz r\u00e9clame sinon sa part d&rsquo;h\u00e9ritage, du moins un emploi que M. Brill lui refuse. La [&hellip;]<\/p>\n","protected":false},"author":1,"featured_media":0,"comment_status":"open","ping_status":"open","sticky":false,"template":"","format":"standard","meta":{"footnotes":""},"categories":[47,49],"tags":[],"class_list":["post-7330","post","type-post","status-publish","format-standard","hentry","category-films-sortis-en-2019","category-films-sortis-en-mars-2019"],"_links":{"self":[{"href":"https:\/\/un-film-un-jour.com\/index.php\/wp-json\/wp\/v2\/posts\/7330","targetHints":{"allow":["GET"]}}],"collection":[{"href":"https:\/\/un-film-un-jour.com\/index.php\/wp-json\/wp\/v2\/posts"}],"about":[{"href":"https:\/\/un-film-un-jour.com\/index.php\/wp-json\/wp\/v2\/types\/post"}],"author":[{"embeddable":true,"href":"https:\/\/un-film-un-jour.com\/index.php\/wp-json\/wp\/v2\/users\/1"}],"replies":[{"embeddable":true,"href":"https:\/\/un-film-un-jour.com\/index.php\/wp-json\/wp\/v2\/comments?post=7330"}],"version-history":[{"count":9,"href":"https:\/\/un-film-un-jour.com\/index.php\/wp-json\/wp\/v2\/posts\/7330\/revisions"}],"predecessor-version":[{"id":9145,"href":"https:\/\/un-film-un-jour.com\/index.php\/wp-json\/wp\/v2\/posts\/7330\/revisions\/9145"}],"wp:attachment":[{"href":"https:\/\/un-film-un-jour.com\/index.php\/wp-json\/wp\/v2\/media?parent=7330"}],"wp:term":[{"taxonomy":"category","embeddable":true,"href":"https:\/\/un-film-un-jour.com\/index.php\/wp-json\/wp\/v2\/categories?post=7330"},{"taxonomy":"post_tag","embeddable":true,"href":"https:\/\/un-film-un-jour.com\/index.php\/wp-json\/wp\/v2\/tags?post=7330"}],"curies":[{"name":"wp","href":"https:\/\/api.w.org\/{rel}","templated":true}]}}