{"id":8566,"date":"2019-03-01T04:05:10","date_gmt":"2019-03-01T03:05:10","guid":{"rendered":"http:\/\/un-film-un-jour.com\/?p=8566"},"modified":"2019-03-01T16:18:00","modified_gmt":"2019-03-01T15:18:00","slug":"ulysse-et-mona","status":"publish","type":"post","link":"https:\/\/un-film-un-jour.com\/index.php\/2019\/03\/01\/ulysse-et-mona\/","title":{"rendered":"Ulysse et Mona \u2605\u2606\u2606\u2606"},"content":{"rendered":"<p><img loading=\"lazy\" decoding=\"async\" class=\"alignleft size-medium\" src=\"http:\/\/fr.web.img5.acsta.net\/r_1920_1080\/pictures\/18\/12\/17\/14\/23\/4594171.jpg\" width=\"317\" height=\"430\" \/>Ulysse (Eric Cantona) est un plasticien renomm\u00e9 qui, suite \u00e0 une grave d\u00e9pression, vit reclus \u00e0 la campagne. Mona (Manal Issa) est une jeune \u00e9tudiante aux Beaux-Arts qui s&rsquo;est mise en t\u00eate de le faire sortir de son isolement.<\/p>\n<p>Depuis quelques ann\u00e9es d\u00e9j\u00e0, un petit groupe de jeunes r\u00e9alisateurs fait souffler un vent d\u2019air frais dans le cin\u00e9ma fran\u00e7ais. S\u00e9bastien Betbeder en fait partie avec Guillaume Brac (<a href=\"https:\/\/un-film-un-jour.com\/index.php\/2018\/09\/18\/contes-de-juillet\/\"><em>Contes de juillet<\/em><\/a>, <a href=\"https:\/\/un-film-un-jour.com\/index.php\/2018\/07\/09\/lile-au-tresor\/\"><em>L&rsquo;\u00cele au tr\u00e9sor<\/em><\/a>, <em>Tonnerre<\/em>, <em>Un monde sans femmes<\/em>), Antonin Peretjatko (<a href=\"https:\/\/un-film-un-jour.com\/index.php\/2016\/06\/20\/la-loi-de-la-jungle\/\"><em>La Loi de la jungle<\/em><\/a>, <em>La Fille du 14 juillet<\/em>), Vincent Macaigne (<a href=\"https:\/\/un-film-un-jour.com\/index.php\/2017\/10\/29\/pour-le-reconfort\/\"><em>Pour le R\u00e9confort<\/em><\/a>), Sophie Letourneur (<em>Les Coquillettes<\/em>, <em>Le Marin masqu\u00e9<\/em>, <em>La Vie au ranch<\/em>) ou L\u00e9onor Serraille (<a href=\"https:\/\/un-film-un-jour.com\/index.php\/2017\/11\/12\/jeune-femme\/\"><em>Jeune Femme<\/em><\/a>). Leur marque de fabrique : une l\u00e9g\u00e8ret\u00e9, une fantaisie, une ironie qui rompent agr\u00e9ablement avec le naturalisme pesant de leurs a\u00een\u00e9s.<\/p>\n<p>S\u00e9bastien Betbeder retrouve Eric Cantona qu&rsquo;il avait fait tourner dans <a href=\"https:\/\/un-film-un-jour.com\/index.php\/2016\/04\/16\/marie-et-les-naufrages\/\"><em>Marie et les naufrag\u00e9s<\/em><\/a>. Cet acteur est \u00e9tonnant. Sa c\u00e9l\u00e9brit\u00e9 lui vient du football. Il joue comme une casserole, manifestement \u00e0 la peine pour retenir ses trois lignes de texte qu&rsquo;il prononce d&rsquo;une voix m\u00e9canique avec son inimitable accent. Et pourtant il d\u00e9gage une puissance, une min\u00e9ralit\u00e9 \u00e9tonnantes. Face \u00e0 lui, Manal Issa, jeune actrice libanaise r\u00e9v\u00e9l\u00e9e par <a href=\"https:\/\/un-film-un-jour.com\/index.php\/2016\/02\/16\/peur-de-rien\/\"><em>Peur de rien<\/em><\/a>, d\u00e9gage une sensualit\u00e9 douce bizarrement asexu\u00e9e.<\/p>\n<p>On ne trouvera dans <em>Ulysse &amp; Mona<\/em> rien de ce qui fait le fond de sauce sempiternel des com\u00e9dies romantiques fran\u00e7aises : pas de meilleure amie branquignole, pas de sc\u00e8nes dans une bo\u00eete de nuit aussi bruyante qu&rsquo;obscure, pas d&rsquo;amants repus fumant une cigarette dans un lit blanc en milieu d&rsquo;apr\u00e8s-midi&#8230; Le probl\u00e8me de <em>Ulysse &amp; Mona<\/em> est qu&rsquo;\u00e0 force de refuser d&#8217;emprunter les codes d&rsquo;un certain cin\u00e9ma, contre lequel Betbeder se construit, on n&rsquo;y trouve pas grand chose : juste l&rsquo;errance de deux solitaires qu&rsquo;unit une grande tendresse. Ce n&rsquo;est pas mal. Mais c&rsquo;est trop peu.<\/p>\n<p><a href=\"http:\/\/www.allocine.fr\/video\/player_gen_cmedia=19581646&amp;cfilm=263536.html\">La bande-annonce<\/a><\/p>\n","protected":false},"excerpt":{"rendered":"<p>Ulysse (Eric Cantona) est un plasticien renomm\u00e9 qui, suite \u00e0 une grave d\u00e9pression, vit reclus \u00e0 la campagne. Mona (Manal Issa) est une jeune \u00e9tudiante aux Beaux-Arts qui s&rsquo;est mise en t\u00eate de le faire sortir de son isolement. Depuis quelques ann\u00e9es d\u00e9j\u00e0, un petit groupe de jeunes r\u00e9alisateurs fait souffler un vent d\u2019air frais [&hellip;]<\/p>\n","protected":false},"author":1,"featured_media":0,"comment_status":"open","ping_status":"open","sticky":false,"template":"","format":"standard","meta":{"footnotes":""},"categories":[47,51],"tags":[],"class_list":["post-8566","post","type-post","status-publish","format-standard","hentry","category-films-sortis-en-2019","category-films-sortis-en-janvier-2019"],"_links":{"self":[{"href":"https:\/\/un-film-un-jour.com\/index.php\/wp-json\/wp\/v2\/posts\/8566","targetHints":{"allow":["GET"]}}],"collection":[{"href":"https:\/\/un-film-un-jour.com\/index.php\/wp-json\/wp\/v2\/posts"}],"about":[{"href":"https:\/\/un-film-un-jour.com\/index.php\/wp-json\/wp\/v2\/types\/post"}],"author":[{"embeddable":true,"href":"https:\/\/un-film-un-jour.com\/index.php\/wp-json\/wp\/v2\/users\/1"}],"replies":[{"embeddable":true,"href":"https:\/\/un-film-un-jour.com\/index.php\/wp-json\/wp\/v2\/comments?post=8566"}],"version-history":[{"count":15,"href":"https:\/\/un-film-un-jour.com\/index.php\/wp-json\/wp\/v2\/posts\/8566\/revisions"}],"predecessor-version":[{"id":8753,"href":"https:\/\/un-film-un-jour.com\/index.php\/wp-json\/wp\/v2\/posts\/8566\/revisions\/8753"}],"wp:attachment":[{"href":"https:\/\/un-film-un-jour.com\/index.php\/wp-json\/wp\/v2\/media?parent=8566"}],"wp:term":[{"taxonomy":"category","embeddable":true,"href":"https:\/\/un-film-un-jour.com\/index.php\/wp-json\/wp\/v2\/categories?post=8566"},{"taxonomy":"post_tag","embeddable":true,"href":"https:\/\/un-film-un-jour.com\/index.php\/wp-json\/wp\/v2\/tags?post=8566"}],"curies":[{"name":"wp","href":"https:\/\/api.w.org\/{rel}","templated":true}]}}