{"id":8795,"date":"2019-03-22T05:55:21","date_gmt":"2019-03-22T04:55:21","guid":{"rendered":"http:\/\/un-film-un-jour.com\/?p=8795"},"modified":"2019-03-22T07:43:23","modified_gmt":"2019-03-22T06:43:23","slug":"m-2","status":"publish","type":"post","link":"https:\/\/un-film-un-jour.com\/index.php\/2019\/03\/22\/m-2\/","title":{"rendered":"M \u2605\u2606\u2606\u2606"},"content":{"rendered":"<p><img loading=\"lazy\" decoding=\"async\" class=\"alignleft size-medium\" src=\"http:\/\/fr.web.img5.acsta.net\/r_1920_1080\/pictures\/19\/02\/01\/16\/26\/4892433.jpg\" width=\"317\" height=\"430\">Menahem Lang a grandi dans le quartier ultra-orthodoxe de Bnei Brak pr\u00e8s de Tel Aviv. Pendant toute son enfance, il chantait \u00e0 la synagogue. Mais il y fut aussi r\u00e9guli\u00e8rement viol\u00e9 par ses ma\u00eetres. Ses parents, membres de la m\u00eame communaut\u00e9, n&rsquo;ont rien fait.<br>Arriv\u00e9 \u00e0 l&rsquo;\u00e2ge adulte, Menahem a rompu avec son milieu, a reni\u00e9 sa foi et s&rsquo;est install\u00e9 \u00e0 Tel Aviv pour faire l&rsquo;acteur chez Amos Gita\u00ef. Il a t\u00e9moign\u00e9 \u00e0 la t\u00e9l\u00e9vision des s\u00e9vices subis. Sa confession a fait scandale.<\/p>\n<p><em>M<\/em> l\u00e8ve le voile sur la p\u00e9dophilie dans la communaut\u00e9 juive haredim. Son titre peut rev\u00eatir plusieurs significations : r\u00e9f\u00e9rence \u00e0 Fritz Lang dont le h\u00e9ros partage le pseudonyme ? allusion \u00e0 la stigmatisation dont il fait d\u00e9sormais l&rsquo;objet de la part de ses proches qui lui reprochent la publicit\u00e9 qui a entour\u00e9 sa confession ?<\/p>\n<p>Largement film\u00e9 en cam\u00e9ra cach\u00e9e, <em>M<\/em> suit Menahem Lang dans son retour \u00e0 Bnei Brak. Il y tente, sans succ\u00e8s, d&rsquo;entrer en contact avec ses anciens agresseurs. Il recueille le t\u00e9moignage d&rsquo;anciens camarades de <em>yeshiva<\/em> qui ont subi les m\u00eames s\u00e9vices que lui et peinent \u00e0 s&rsquo;en remettre. Chez certains, la confession de ces traumatismes a provoqu\u00e9 la r\u00e9probation de leur famille, les transformant paradoxalement de victimes en coupables. Chez d&rsquo;autres, leur refoulement a perturb\u00e9 leur vie sexuelle et les a emp\u00each\u00e9s de se construire.<\/p>\n<p>Le sujet est, h\u00e9las, d&rsquo;une br\u00fblante actualit\u00e9. On ne compte plus les films qui s&rsquo;en sont empar\u00e9s, produisant souvent des \u0153uvres bouleversantes. Je garde un souvenir d\u00e9chirant de <em>The War Zone<\/em> avec Tim Roth, sorti en 2000, injustement m\u00e9connu. On peut \u00e9galement citer <em>Festen <\/em>de Thomas Vinterberg, <em>Mysterious Skin <\/em>de Gregg Araki ou<em> La Mauvaise \u00c9ducation<\/em> de Pedro Almodovar. Plus pr\u00e8s de nous, deux films r\u00e9cents ont marqu\u00e9 l&rsquo;actualit\u00e9 cin\u00e9matographique fran\u00e7aise :&nbsp; <em>Les Chatouilles<\/em> de Andr\u00e9a Bescond et <em>Gr\u00e2ce \u00e0 Dieu<\/em> de Fran\u00e7ois Ozon.<\/p>\n<p><em>M<\/em> soul\u00e8ve une autre difficult\u00e9. Il ne remet jamais en cause le t\u00e9moignage de son h\u00e9ros. Il n&rsquo;est pas question ici de nier son traumatisme ni le fait d&rsquo;en avoir \u00e9t\u00e9 durablement marqu\u00e9. Mais on ne peut qu&rsquo;\u00eatre g\u00ean\u00e9s \u00e0 le voir harceler un ancien agresseur \u00e0 son domicile sans la m\u00e9diation de la justice ou de la police (les faits sont prescrits). Le doute se dissipe dans la seconde partie du film o\u00f9 se dessine l&rsquo;objet profond et paradoxal de sa d\u00e9marche : non la vengeance mais la r\u00e9int\u00e9gration \u00e0 la communaut\u00e9 qui l&rsquo;a exclu.<\/p>\n<p><a href=\"http:\/\/www.allocine.fr\/video\/player_gen_cmedia=19582308&amp;cfilm=266243.html\">La bande-annonce<\/a><\/p>\n\n\n<p><\/p>\n","protected":false},"excerpt":{"rendered":"<p>Menahem Lang a grandi dans le quartier ultra-orthodoxe de Bnei Brak pr\u00e8s de Tel Aviv. Pendant toute son enfance, il chantait \u00e0 la synagogue. Mais il y fut aussi r\u00e9guli\u00e8rement viol\u00e9 par ses ma\u00eetres. Ses parents, membres de la m\u00eame communaut\u00e9, n&rsquo;ont rien fait.Arriv\u00e9 \u00e0 l&rsquo;\u00e2ge adulte, Menahem a rompu avec son milieu, a reni\u00e9 [&hellip;]<\/p>\n","protected":false},"author":1,"featured_media":0,"comment_status":"open","ping_status":"open","sticky":false,"template":"","format":"standard","meta":{"footnotes":""},"categories":[47,49],"tags":[],"class_list":["post-8795","post","type-post","status-publish","format-standard","hentry","category-films-sortis-en-2019","category-films-sortis-en-mars-2019"],"_links":{"self":[{"href":"https:\/\/un-film-un-jour.com\/index.php\/wp-json\/wp\/v2\/posts\/8795","targetHints":{"allow":["GET"]}}],"collection":[{"href":"https:\/\/un-film-un-jour.com\/index.php\/wp-json\/wp\/v2\/posts"}],"about":[{"href":"https:\/\/un-film-un-jour.com\/index.php\/wp-json\/wp\/v2\/types\/post"}],"author":[{"embeddable":true,"href":"https:\/\/un-film-un-jour.com\/index.php\/wp-json\/wp\/v2\/users\/1"}],"replies":[{"embeddable":true,"href":"https:\/\/un-film-un-jour.com\/index.php\/wp-json\/wp\/v2\/comments?post=8795"}],"version-history":[{"count":5,"href":"https:\/\/un-film-un-jour.com\/index.php\/wp-json\/wp\/v2\/posts\/8795\/revisions"}],"predecessor-version":[{"id":8945,"href":"https:\/\/un-film-un-jour.com\/index.php\/wp-json\/wp\/v2\/posts\/8795\/revisions\/8945"}],"wp:attachment":[{"href":"https:\/\/un-film-un-jour.com\/index.php\/wp-json\/wp\/v2\/media?parent=8795"}],"wp:term":[{"taxonomy":"category","embeddable":true,"href":"https:\/\/un-film-un-jour.com\/index.php\/wp-json\/wp\/v2\/categories?post=8795"},{"taxonomy":"post_tag","embeddable":true,"href":"https:\/\/un-film-un-jour.com\/index.php\/wp-json\/wp\/v2\/tags?post=8795"}],"curies":[{"name":"wp","href":"https:\/\/api.w.org\/{rel}","templated":true}]}}