{"id":8832,"date":"2019-04-19T07:00:02","date_gmt":"2019-04-19T06:00:02","guid":{"rendered":"http:\/\/un-film-un-jour.com\/?p=8832"},"modified":"2019-04-19T07:00:53","modified_gmt":"2019-04-19T06:00:53","slug":"dans-la-terrible-jungle","status":"publish","type":"post","link":"https:\/\/un-film-un-jour.com\/index.php\/2019\/04\/19\/dans-la-terrible-jungle\/","title":{"rendered":"Dans la terrible jungle \u2605\u2605\u2606\u2606"},"content":{"rendered":"<p><img loading=\"lazy\" decoding=\"async\" class=\"alignleft size-medium\" src=\"http:\/\/fr.web.img3.acsta.net\/r_1920_1080\/pictures\/19\/01\/22\/09\/29\/3174489.jpg\" width=\"317\" height=\"430\" \/>L&rsquo;Institut m\u00e9dico-\u00e9ducatif (IME) La P\u00e9pini\u00e8re \u00e0 Loos accueille depuis 1974 des jeunes entre six et vingt ans d\u00e9ficients visuels multi handicap\u00e9s. Caroline Capelle et Ombline Ley y ont pos\u00e9 leur cam\u00e9ra pendant plus d&rsquo;un an, captant le quotidien des pensionnaires.<\/p>\n<p>Filmer le handicap n&rsquo;est pas simple. Filmer le handicap mental est plus compliqu\u00e9 encore. D&rsquo;ailleurs les \u0153uvres qui mettent en sc\u00e8ne des personnages en chaise roulante se cantonnent prudemment \u00e0 filmer des handicap\u00e9s moteurs : <em>Tout le monde debout<\/em>, <em>Intouchable<\/em>, <em>Le Scaphandre et le Papillon<\/em>&#8230; <em>Le Huiti\u00e8me Jour<\/em> est le rare exemple d&rsquo;un film touchant et courageux osant traiter la trisomie 21 \u00e0 bras le corps.<\/p>\n<p>Pour filmer le handicap, on peut avoir recours \u00e0 la fiction : c&rsquo;\u00e9tait le cas par exemple du tr\u00e8s r\u00e9ussi <em>Marche ou cr\u00e8ve<\/em> avec Diane Rouxel (qui aurait amplement m\u00e9rit\u00e9 le C\u00e9sar du meilleur jeune espoir f\u00e9minin). On peut avoir recours au documentaire : ce fut le cas en 2014 de <em>La Porte d&rsquo;Anna<\/em> tourn\u00e9 dans un \u00e9tablissement p\u00e9dopsychiatrique francilien accueillant des adolescents autistes et psychotiques.<\/p>\n<p><em>Dans la terrible jungle<\/em> a le d\u00e9faut de traiter un sujet qui l&rsquo;a d\u00e9j\u00e0 \u00e9t\u00e9. Il n&rsquo;est pas question de remettre en cause l&rsquo;acuit\u00e9 et l&#8217;empathie du regard que les deux jeunes co-r\u00e9alisatrices portent sur les patients de La P\u00e9pini\u00e8re. Elles r\u00e9ussissent \u00e0 nous rendre attachants quelques uns d&rsquo;entre eux : Oph\u00e9lie, l&rsquo;aveugle m\u00e9lomane, M\u00e9d\u00e9ric, parapl\u00e9gique et druide \u00e0 ses heures, Ga\u00ebl et ses impressionnantes crises auto-destructrices. Leur cam\u00e9ra \u00e9vite le double \u00e9cueil de la complaisance et du voyeurisme. Mais rien dans l&rsquo;encha\u00eenement des sayn\u00e8tes qu&rsquo;elles captent d&rsquo;un \u0153il malicieux ne permet de distinguer ce documentaire de ceux qu&rsquo;on a d\u00e9j\u00e0 vus et de ceux qu&rsquo;on verra encore.<\/p>\n<p><a href=\"http:\/\/www.allocine.fr\/video\/player_gen_cmedia=19582044&amp;cfilm=264131.html\">La bande-annonce<\/a><\/p>\n","protected":false},"excerpt":{"rendered":"<p>L&rsquo;Institut m\u00e9dico-\u00e9ducatif (IME) La P\u00e9pini\u00e8re \u00e0 Loos accueille depuis 1974 des jeunes entre six et vingt ans d\u00e9ficients visuels multi handicap\u00e9s. Caroline Capelle et Ombline Ley y ont pos\u00e9 leur cam\u00e9ra pendant plus d&rsquo;un an, captant le quotidien des pensionnaires. Filmer le handicap n&rsquo;est pas simple. Filmer le handicap mental est plus compliqu\u00e9 encore. D&rsquo;ailleurs [&hellip;]<\/p>\n","protected":false},"author":1,"featured_media":0,"comment_status":"open","ping_status":"open","sticky":false,"template":"","format":"standard","meta":{"footnotes":""},"categories":[47,50],"tags":[],"class_list":["post-8832","post","type-post","status-publish","format-standard","hentry","category-films-sortis-en-2019","category-films-sortis-en-fevrier-2019"],"_links":{"self":[{"href":"https:\/\/un-film-un-jour.com\/index.php\/wp-json\/wp\/v2\/posts\/8832","targetHints":{"allow":["GET"]}}],"collection":[{"href":"https:\/\/un-film-un-jour.com\/index.php\/wp-json\/wp\/v2\/posts"}],"about":[{"href":"https:\/\/un-film-un-jour.com\/index.php\/wp-json\/wp\/v2\/types\/post"}],"author":[{"embeddable":true,"href":"https:\/\/un-film-un-jour.com\/index.php\/wp-json\/wp\/v2\/users\/1"}],"replies":[{"embeddable":true,"href":"https:\/\/un-film-un-jour.com\/index.php\/wp-json\/wp\/v2\/comments?post=8832"}],"version-history":[{"count":4,"href":"https:\/\/un-film-un-jour.com\/index.php\/wp-json\/wp\/v2\/posts\/8832\/revisions"}],"predecessor-version":[{"id":9082,"href":"https:\/\/un-film-un-jour.com\/index.php\/wp-json\/wp\/v2\/posts\/8832\/revisions\/9082"}],"wp:attachment":[{"href":"https:\/\/un-film-un-jour.com\/index.php\/wp-json\/wp\/v2\/media?parent=8832"}],"wp:term":[{"taxonomy":"category","embeddable":true,"href":"https:\/\/un-film-un-jour.com\/index.php\/wp-json\/wp\/v2\/categories?post=8832"},{"taxonomy":"post_tag","embeddable":true,"href":"https:\/\/un-film-un-jour.com\/index.php\/wp-json\/wp\/v2\/tags?post=8832"}],"curies":[{"name":"wp","href":"https:\/\/api.w.org\/{rel}","templated":true}]}}