{"id":8934,"date":"2019-05-03T03:25:04","date_gmt":"2019-05-03T02:25:04","guid":{"rendered":"http:\/\/un-film-un-jour.com\/?p=8934"},"modified":"2019-05-03T03:25:08","modified_gmt":"2019-05-03T02:25:08","slug":"exfiltres","status":"publish","type":"post","link":"https:\/\/un-film-un-jour.com\/index.php\/2019\/05\/03\/exfiltres\/","title":{"rendered":"Exfiltr\u00e9s \u2605\u2606\u2606\u2606"},"content":{"rendered":"<p><img loading=\"lazy\" decoding=\"async\" class=\"alignleft size-medium\" src=\"http:\/\/fr.web.img6.acsta.net\/r_1920_1080\/pictures\/19\/01\/31\/09\/38\/1791910.jpg\" width=\"317\" height=\"430\">Assistante sociale en Seine Saint-Denis, Faustine (Jisca Kalvanda) s&rsquo;est radicalis\u00e9e \u00e0 l&rsquo;insu de son mari au contact de quelques jeunes dont elle a eu la charge, partis combattre avec Daech en Syrie. Pr\u00e9textant \u00e0 son \u00e9poux un s\u00e9jour baln\u00e9aire en Turquie, elle d\u00e9cide de les rejoindre en compagnie de son fils de cinq ans. Mais d\u00e8s son arriv\u00e9e \u00e0 Rakka, la jeune Fran\u00e7aise d\u00e9chante vite.<br \/>\nRest\u00e9 en France, Sylvain (Swann Arlaud), son \u00e9poux, va faire fl\u00e8che de tout bois pour la sauver. Gr\u00e2ce \u00e0 Patrice (Charles Berling), le chirurgien aupr\u00e8s de qui il travaille, il contacte Gabriel (Finnigan Oldfield) qui travaille dans une ONG \u00e0 la fronti\u00e8re turco-syrienne. Celui-ci va actionner les contacts d&rsquo;Adnan au sein de l&rsquo;Arm\u00e9e syrienne libre pour faire lib\u00e9rer Faustine.<\/p>\n<p>Il y a deux fa\u00e7ons de filmer la radicalisation. La premi\u00e8re, \u00ab\u00a0\u00e0 l&rsquo;am\u00e9ricaine\u00a0\u00bb prend le parti assum\u00e9 de l&rsquo;action, reconstituant (dans les sables marocains) les tentatives d&rsquo;infiltration de courageux Occidentaux pour d\u00e9manteler des fili\u00e8res jihadistes. On pense aux films de Paul Greengrass. La seconde, \u00ab\u00a0\u00e0 la fran\u00e7aise\u00a0\u00bb est plus psychologique : elle s&rsquo;int\u00e9resse moins aux jihadistes syriens qu&rsquo;aux effets que leur message produit en France &#8211; o\u00f9 leur action se d\u00e9roule quasi exclusivement. C&rsquo;est <a href=\"https:\/\/un-film-un-jour.com\/index.php\/2017\/08\/28\/made-in-france\/\"><em>Made in France<\/em><\/a> de Nicolas Boukhrief (dont on se souvient que l&rsquo;attentat du Bataclan avait conduit \u00e0 sa d\u00e9programmation), <a href=\"https:\/\/un-film-un-jour.com\/index.php\/2016\/06\/27\/les-cowboys\/\"><em>Les Cowboys<\/em><\/a> de Thomas Bidegain (2015), <a href=\"https:\/\/un-film-un-jour.com\/index.php\/2016\/10\/09\/le-ciel-attendra\/\"><em>Le ciel attendra<\/em><\/a> de Marie-Castille Mention-Schaar (2016), <a href=\"https:\/\/un-film-un-jour.com\/index.php\/2018\/12\/14\/mon-cher-enfant\/\"><em>Mon cher enfant<\/em><\/a> de Mohamed Ben Attia (2018).<br \/>\nSi l&rsquo;on \u00e9tait p\u00e9dant, on dirait que cette dichotomie reproduit le d\u00e9bat qui oppose Gilles Kepel et Olivier Roy sur les racines de la radicalisation. Le premier &#8211; dont on retrouve les pr\u00e9misses dans le cin\u00e9ma \u00ab\u00a0am\u00e9ricain\u00a0\u00bb &#8211; consid\u00e8re que l&rsquo;enjeu est politique voire civilisationnel. Le second au contraire consid\u00e8re que la radicalisation est avant tout un processus individuel, une forme de \u00ab\u00a0nihilisme g\u00e9n\u00e9rationnel\u00a0\u00bb.<\/p>\n<p>Le probl\u00e8me de <em>Exfiltr\u00e9s<\/em> est de vouloir jouer sur les deux tableaux. Comme un film am\u00e9ricain, il raconte une \u00e9vasion, en direct, \u00e0 Rakka, avec ses rebondissements et son <em>happy end<\/em> pr\u00e9visible. Mais comme d&rsquo;autres films fran\u00e7ais avant lui, il s&rsquo;essaie \u00e0 une tentative de psychologisation, non pas d&rsquo;un (Faustine dont on peine \u00e0 comprendre comment elle a vers\u00e9 dans l\u2019extr\u00e9misme) mais de deux (Gabriel dont on ne sait quel fond de culpabilit\u00e9 pousse \u00e0 aller faire le bien des gens malgr\u00e9 eux) voire de trois personnages (Adnan qui a surv\u00e9cu aux tortures de la police de Assad puis des barbus de Daech avant de r\u00e9ussir \u00e0 gagner la France).<\/p>\n<p>C&rsquo;est beaucoup. Et c&rsquo;est trop si on ne s&rsquo;en donne pas les moyens. Or <em>Exfiltr\u00e9s<\/em>, s&rsquo;il est film\u00e9 non sans ma\u00eetrise, n&rsquo;a pas les moyens de son ambition. Sa mise en sc\u00e8ne est trop sage, son tempo trop lent, ses rebondissements trop mous pour \u00e9viter que ce film, mal distribu\u00e9, ne disparaisse des \u00e9crans trois semaines \u00e0 peine apr\u00e8s sa sortie.<\/p>\n<p><a href=\"http:\/\/www.allocine.fr\/video\/player_gen_cmedia=19581730&amp;cfilm=263799.html\">La bande-annonce<\/a><\/p>\n","protected":false},"excerpt":{"rendered":"<p>Assistante sociale en Seine Saint-Denis, Faustine (Jisca Kalvanda) s&rsquo;est radicalis\u00e9e \u00e0 l&rsquo;insu de son mari au contact de quelques jeunes dont elle a eu la charge, partis combattre avec Daech en Syrie. Pr\u00e9textant \u00e0 son \u00e9poux un s\u00e9jour baln\u00e9aire en Turquie, elle d\u00e9cide de les rejoindre en compagnie de son fils de cinq ans. Mais [&hellip;]<\/p>\n","protected":false},"author":1,"featured_media":0,"comment_status":"open","ping_status":"open","sticky":false,"template":"","format":"standard","meta":{"footnotes":""},"categories":[47,49],"tags":[],"class_list":["post-8934","post","type-post","status-publish","format-standard","hentry","category-films-sortis-en-2019","category-films-sortis-en-mars-2019"],"_links":{"self":[{"href":"https:\/\/un-film-un-jour.com\/index.php\/wp-json\/wp\/v2\/posts\/8934","targetHints":{"allow":["GET"]}}],"collection":[{"href":"https:\/\/un-film-un-jour.com\/index.php\/wp-json\/wp\/v2\/posts"}],"about":[{"href":"https:\/\/un-film-un-jour.com\/index.php\/wp-json\/wp\/v2\/types\/post"}],"author":[{"embeddable":true,"href":"https:\/\/un-film-un-jour.com\/index.php\/wp-json\/wp\/v2\/users\/1"}],"replies":[{"embeddable":true,"href":"https:\/\/un-film-un-jour.com\/index.php\/wp-json\/wp\/v2\/comments?post=8934"}],"version-history":[{"count":12,"href":"https:\/\/un-film-un-jour.com\/index.php\/wp-json\/wp\/v2\/posts\/8934\/revisions"}],"predecessor-version":[{"id":9137,"href":"https:\/\/un-film-un-jour.com\/index.php\/wp-json\/wp\/v2\/posts\/8934\/revisions\/9137"}],"wp:attachment":[{"href":"https:\/\/un-film-un-jour.com\/index.php\/wp-json\/wp\/v2\/media?parent=8934"}],"wp:term":[{"taxonomy":"category","embeddable":true,"href":"https:\/\/un-film-un-jour.com\/index.php\/wp-json\/wp\/v2\/categories?post=8934"},{"taxonomy":"post_tag","embeddable":true,"href":"https:\/\/un-film-un-jour.com\/index.php\/wp-json\/wp\/v2\/tags?post=8934"}],"curies":[{"name":"wp","href":"https:\/\/api.w.org\/{rel}","templated":true}]}}